{"id":11572,"date":"2019-06-18T10:00:57","date_gmt":"2019-06-18T08:00:57","guid":{"rendered":"https:\/\/www.c-pauli.de\/blog\/?p=11572"},"modified":"2019-06-18T13:56:33","modified_gmt":"2019-06-18T11:56:33","slug":"schultuete-beutel-mit-baendern","status":"publish","type":"post","link":"https:\/\/www.c-pauli.de\/blog\/schultuete-beutel-mit-baendern\/","title":{"rendered":"Schult\u00fcte &#038; Beutel mit B\u00e4ndern"},"content":{"rendered":"\n<figure class=\"wp-block-image\"><img loading=\"lazy\" decoding=\"async\" width=\"670\" height=\"300\" src=\"https:\/\/www.c-pauli.de\/blog\/wp-content\/uploads\/2019\/06\/2019_Schultuete.jpg\" alt=\"\" class=\"wp-image-11635\" srcset=\"https:\/\/www.c-pauli.de\/blog\/wp-content\/uploads\/2019\/06\/2019_Schultuete.jpg 670w, https:\/\/www.c-pauli.de\/blog\/wp-content\/uploads\/2019\/06\/2019_Schultuete-300x134.jpg 300w\" sizes=\"auto, (max-width: 670px) 100vw, 670px\" \/><\/figure>\n\n\n\n<p>Eine individuelle Schult\u00fcte aus Stoff: Nachhaltig und eine Erinnerung f\u00fcr immer. <br><br>Dieser Schult\u00fcte haben wir mit unseren Kafka B\u00e4ndern ein maritimes Thema verliehen. Nat\u00fcrlich findet ihr auch viele weitere Motive in unserem Shop. <br><br>Au\u00dferdem zeigen wir euch heute auch, wie ihr passend zur Schult\u00fcte einen Beutel f\u00fcr den Sportunterricht oder Ausfl\u00fcge dazu n\u00e4ht. <br><br>Also los gehts! Viel Spa\u00df beim N\u00e4hen!<\/p>\n\n\n\n<figure class=\"wp-block-image\"><img loading=\"lazy\" decoding=\"async\" width=\"683\" height=\"1024\" src=\"https:\/\/www.c-pauli.de\/blog\/wp-content\/uploads\/2019\/06\/IMG_4318_mod-683x1024.jpg\" alt=\"\" class=\"wp-image-11637\" srcset=\"https:\/\/www.c-pauli.de\/blog\/wp-content\/uploads\/2019\/06\/IMG_4318_mod-683x1024.jpg 683w, https:\/\/www.c-pauli.de\/blog\/wp-content\/uploads\/2019\/06\/IMG_4318_mod-200x300.jpg 200w, https:\/\/www.c-pauli.de\/blog\/wp-content\/uploads\/2019\/06\/IMG_4318_mod-768x1152.jpg 768w\" sizes=\"auto, (max-width: 683px) 100vw, 683px\" \/><\/figure>\n\n\n\n<figure class=\"wp-block-image\"><img loading=\"lazy\" decoding=\"async\" width=\"1024\" height=\"683\" src=\"https:\/\/www.c-pauli.de\/blog\/wp-content\/uploads\/2019\/06\/IMG_4331_mod-1024x683.jpg\" alt=\"\" class=\"wp-image-11638\" srcset=\"https:\/\/www.c-pauli.de\/blog\/wp-content\/uploads\/2019\/06\/IMG_4331_mod-1024x683.jpg 1024w, https:\/\/www.c-pauli.de\/blog\/wp-content\/uploads\/2019\/06\/IMG_4331_mod-300x200.jpg 300w, https:\/\/www.c-pauli.de\/blog\/wp-content\/uploads\/2019\/06\/IMG_4331_mod-768x512.jpg 768w\" sizes=\"auto, (max-width: 1024px) 100vw, 1024px\" \/><\/figure>\n\n\n\n<figure class=\"wp-block-image\"><img loading=\"lazy\" decoding=\"async\" width=\"683\" height=\"1024\" src=\"https:\/\/www.c-pauli.de\/blog\/wp-content\/uploads\/2019\/06\/IMG_4338_mod-683x1024.jpg\" alt=\"\" class=\"wp-image-11639\" srcset=\"https:\/\/www.c-pauli.de\/blog\/wp-content\/uploads\/2019\/06\/IMG_4338_mod-683x1024.jpg 683w, https:\/\/www.c-pauli.de\/blog\/wp-content\/uploads\/2019\/06\/IMG_4338_mod-200x300.jpg 200w, https:\/\/www.c-pauli.de\/blog\/wp-content\/uploads\/2019\/06\/IMG_4338_mod-768x1152.jpg 768w\" sizes=\"auto, (max-width: 683px) 100vw, 683px\" \/><\/figure>\n\n\n\n<p><strong>Schwierigkeitsgrad 2 Sterne (Vorkenntnisse)<\/strong><\/p>\n\n\n\n<p><strong>Arbeitsaufwand ca. 1,5 Stunden<\/strong><\/p>\n\n\n\n<p><strong>Fertigma\u00dfe f\u00fcr Rohling 70 cm hoch<\/strong><\/p>\n\n\n\n<p><strong>F\u00fcr die Schult\u00fcte ben\u00f6tigst du:<\/strong><br>&#8211; <a href=\"https:\/\/www.c-pauli.de\/shop\/de\/bio-stoffe\/jeans\/1047\/chambray-stoff-uni-kia-deep-blue\">Kia Deep Blue<\/a> 40 x 52 cm<br>&#8211; <a href=\"https:\/\/www.c-pauli.de\/shop\/de\/bio-stoffe\/jeans\/1047\/chambray-stoff-uni-kia-deep-blue\">Kia Deep Blue<\/a> 5,5 x 140 cm<br>&#8211; Deep Kobalt 30 x 25 cm<br>&#8211; <a href=\"https:\/\/www.c-pauli.de\/shop\/de\/bio-stoffe\/popeline-fein\/886\/popeline-fein-stoff-feine-webstreifen-blue-print\/weiss\">Streifen Blue Print\/Wei\u00df<\/a> 75 x 71 cm<\/p>\n\n\n\n<p><strong>B\u00e4nder:<\/strong><br>&#8211; Leuchtt\u00fcrme wei\u00df 55 cm<br>&#8211; <a href=\"https:\/\/www.c-pauli.de\/shop\/de\/baender\/baender-borten-spitzen\/2660\/zackenlitze-8mm-blue-shadow\">Zackenlitze 8 mm Blue Shadow<\/a> 105 cm<br>&#8211; <a href=\"https:\/\/www.c-pauli.de\/shop\/de\/baender\/webband\/4026\/muscheln-und-seesterne\">Muschel &amp; Seestern wei\u00df<\/a> 60 cm<br>&#8211; <a href=\"https:\/\/www.c-pauli.de\/shop\/de\/baender\/webband\/4010\/ahoi\">Anker\/Ahoi wei\u00df<\/a> 25 cm<\/p>\n\n\n\n<ul class=\"wp-block-list\"><li><a href=\"https:\/\/www.c-pauli.de\/blog\/wp-content\/uploads\/2019\/06\/Schult\u00fcte.mdl_.pdf\">Hier findest du das Schnittmuster.<\/a><\/li><li><a href=\"https:\/\/www.c-pauli.de\/blog\/wp-content\/uploads\/2019\/06\/Raster-Schult\u00fcte.docx\">Hier findest du das Raster.<\/a><\/li><\/ul>\n\n\n\n<p><strong>Die B\u00e4nder leicht rund b\u00fcgeln, dann lassen sie sich besser aufsteppen.<\/strong><\/p>\n\n\n\n<p><strong>Zuschnitt: <\/strong><br>&#8211; 1 x \u00dcberstand Streifenstoff<br>&#8211; 1 x Streifen oben Streifenstoff<br>&#8211; 1 x Mittelteil Jeans<br>&#8211; 1 x Spitze Blau<\/p>\n\n\n\n<figure class=\"wp-block-image\"><img loading=\"lazy\" decoding=\"async\" width=\"5184\" height=\"3888\" src=\"https:\/\/www.c-pauli.de\/blog\/wp-content\/uploads\/2019\/06\/IMG_0052.jpg\" alt=\"\" class=\"wp-image-11576\" srcset=\"https:\/\/www.c-pauli.de\/blog\/wp-content\/uploads\/2019\/06\/IMG_0052.jpg 5184w, https:\/\/www.c-pauli.de\/blog\/wp-content\/uploads\/2019\/06\/IMG_0052-300x225.jpg 300w, https:\/\/www.c-pauli.de\/blog\/wp-content\/uploads\/2019\/06\/IMG_0052-768x576.jpg 768w, https:\/\/www.c-pauli.de\/blog\/wp-content\/uploads\/2019\/06\/IMG_0052-1024x768.jpg 1024w\" sizes=\"auto, (max-width: 5184px) 100vw, 5184px\" \/><\/figure>\n\n\n\n<p><strong>Die Nahtzugabe betr\u00e4gt in der Regel 7 mm (f\u00fc\u00dfchenbreit) und ist im Schnitt enthalten.<\/strong><\/p>\n\n\n\n<p><strong>Immer beim Aufzeichnen auf den Stoff den Fadenlauf und das Stoffmuster beachten. <\/strong><\/p>\n\n\n\n<p><strong>Step by Step Anleitung:<\/strong><\/p>\n\n\n\n<ul class=\"wp-block-list\"><li>Die untere Spitze ans Mittelteil ann\u00e4hen. Diese Naht auseinanderb\u00fcgeln.<\/li><li><\/li><\/ul>\n\n\n\n<figure class=\"wp-block-image\"><img loading=\"lazy\" decoding=\"async\" width=\"5184\" height=\"3888\" src=\"https:\/\/www.c-pauli.de\/blog\/wp-content\/uploads\/2019\/06\/IMG_0054.jpg\" alt=\"\" class=\"wp-image-11578\" srcset=\"https:\/\/www.c-pauli.de\/blog\/wp-content\/uploads\/2019\/06\/IMG_0054.jpg 5184w, https:\/\/www.c-pauli.de\/blog\/wp-content\/uploads\/2019\/06\/IMG_0054-300x225.jpg 300w, https:\/\/www.c-pauli.de\/blog\/wp-content\/uploads\/2019\/06\/IMG_0054-768x576.jpg 768w, https:\/\/www.c-pauli.de\/blog\/wp-content\/uploads\/2019\/06\/IMG_0054-1024x768.jpg 1024w\" sizes=\"auto, (max-width: 5184px) 100vw, 5184px\" \/><\/figure>\n\n\n\n<ul class=\"wp-block-list\"><li>Das Band Ahoi mittig plazieren und an beiden Seiten aufsteppen.<\/li><\/ul>\n\n\n\n<figure class=\"wp-block-image\"><img loading=\"lazy\" decoding=\"async\" width=\"5184\" height=\"3888\" src=\"https:\/\/www.c-pauli.de\/blog\/wp-content\/uploads\/2019\/06\/IMG_0055.jpg\" alt=\"\" class=\"wp-image-11579\" srcset=\"https:\/\/www.c-pauli.de\/blog\/wp-content\/uploads\/2019\/06\/IMG_0055.jpg 5184w, https:\/\/www.c-pauli.de\/blog\/wp-content\/uploads\/2019\/06\/IMG_0055-300x225.jpg 300w, https:\/\/www.c-pauli.de\/blog\/wp-content\/uploads\/2019\/06\/IMG_0055-768x576.jpg 768w, https:\/\/www.c-pauli.de\/blog\/wp-content\/uploads\/2019\/06\/IMG_0055-1024x768.jpg 1024w\" sizes=\"auto, (max-width: 5184px) 100vw, 5184px\" \/><\/figure>\n\n\n\n<ul class=\"wp-block-list\"><li>Den Streifen oben an das Mittelteil ann\u00e4hen.<\/li><\/ul>\n\n\n\n<ul class=\"wp-block-list\"><li>Beide N\u00e4hte zusammen vers\u00e4ubern und nach oben b\u00fcgeln.<\/li><\/ul>\n\n\n\n<ul class=\"wp-block-list\"><li>Das Leuchtturmband an die Kante des Steifenstoffes auf den Jeansstoff beidseitig aufsteppen.<\/li><\/ul>\n\n\n\n<figure class=\"wp-block-image\"><img loading=\"lazy\" decoding=\"async\" width=\"5184\" height=\"3888\" src=\"https:\/\/www.c-pauli.de\/blog\/wp-content\/uploads\/2019\/06\/IMG_0056.jpg\" alt=\"\" class=\"wp-image-11580\" srcset=\"https:\/\/www.c-pauli.de\/blog\/wp-content\/uploads\/2019\/06\/IMG_0056.jpg 5184w, https:\/\/www.c-pauli.de\/blog\/wp-content\/uploads\/2019\/06\/IMG_0056-300x225.jpg 300w, https:\/\/www.c-pauli.de\/blog\/wp-content\/uploads\/2019\/06\/IMG_0056-768x576.jpg 768w, https:\/\/www.c-pauli.de\/blog\/wp-content\/uploads\/2019\/06\/IMG_0056-1024x768.jpg 1024w\" sizes=\"auto, (max-width: 5184px) 100vw, 5184px\" \/><\/figure>\n\n\n\n<ul class=\"wp-block-list\"><li>Auf die Kante des Leuchtturmbandes oben und unten Zackenlitze mittig aufsteppen.<\/li><\/ul>\n\n\n\n<figure class=\"wp-block-image\"><img loading=\"lazy\" decoding=\"async\" width=\"5184\" height=\"3888\" src=\"https:\/\/www.c-pauli.de\/blog\/wp-content\/uploads\/2019\/06\/IMG_0058.jpg\" alt=\"\" class=\"wp-image-11582\" srcset=\"https:\/\/www.c-pauli.de\/blog\/wp-content\/uploads\/2019\/06\/IMG_0058.jpg 5184w, https:\/\/www.c-pauli.de\/blog\/wp-content\/uploads\/2019\/06\/IMG_0058-300x225.jpg 300w, https:\/\/www.c-pauli.de\/blog\/wp-content\/uploads\/2019\/06\/IMG_0058-768x576.jpg 768w, https:\/\/www.c-pauli.de\/blog\/wp-content\/uploads\/2019\/06\/IMG_0058-1024x768.jpg 1024w\" sizes=\"auto, (max-width: 5184px) 100vw, 5184px\" \/><\/figure>\n\n\n\n<ul class=\"wp-block-list\"><li>Die Seitennaht der Schult\u00fcte schlie\u00dfen.<\/li><\/ul>\n\n\n\n<figure class=\"wp-block-image\"><img loading=\"lazy\" decoding=\"async\" width=\"5184\" height=\"3888\" src=\"https:\/\/www.c-pauli.de\/blog\/wp-content\/uploads\/2019\/06\/IMG_0060.jpg\" alt=\"\" class=\"wp-image-11584\" srcset=\"https:\/\/www.c-pauli.de\/blog\/wp-content\/uploads\/2019\/06\/IMG_0060.jpg 5184w, https:\/\/www.c-pauli.de\/blog\/wp-content\/uploads\/2019\/06\/IMG_0060-300x225.jpg 300w, https:\/\/www.c-pauli.de\/blog\/wp-content\/uploads\/2019\/06\/IMG_0060-768x576.jpg 768w, https:\/\/www.c-pauli.de\/blog\/wp-content\/uploads\/2019\/06\/IMG_0060-1024x768.jpg 1024w\" sizes=\"auto, (max-width: 5184px) 100vw, 5184px\" \/><\/figure>\n\n\n\n<ul class=\"wp-block-list\"><li>Die Seitennaht des \u00dcberstandes schlie\u00dfen und die Nahtzugabe auseinanderb\u00fcgeln. <\/li><\/ul>\n\n\n\n<figure class=\"wp-block-image\"><img loading=\"lazy\" decoding=\"async\" width=\"5184\" height=\"3888\" src=\"https:\/\/www.c-pauli.de\/blog\/wp-content\/uploads\/2019\/06\/IMG_0062.jpg\" alt=\"\" class=\"wp-image-11586\" srcset=\"https:\/\/www.c-pauli.de\/blog\/wp-content\/uploads\/2019\/06\/IMG_0062.jpg 5184w, https:\/\/www.c-pauli.de\/blog\/wp-content\/uploads\/2019\/06\/IMG_0062-300x225.jpg 300w, https:\/\/www.c-pauli.de\/blog\/wp-content\/uploads\/2019\/06\/IMG_0062-768x576.jpg 768w, https:\/\/www.c-pauli.de\/blog\/wp-content\/uploads\/2019\/06\/IMG_0062-1024x768.jpg 1024w\" sizes=\"auto, (max-width: 5184px) 100vw, 5184px\" \/><\/figure>\n\n\n\n<ul class=\"wp-block-list\"><li>Den \u00dcberstand an die Schult\u00fcte ann\u00e4hen. Bitte darauf achten, dass die Teilungsn\u00e4hte aufeinander treffen.<\/li><\/ul>\n\n\n\n<figure class=\"wp-block-image\"><img loading=\"lazy\" decoding=\"async\" width=\"5184\" height=\"3888\" src=\"https:\/\/www.c-pauli.de\/blog\/wp-content\/uploads\/2019\/06\/IMG_0066.jpg\" alt=\"\" class=\"wp-image-11590\" srcset=\"https:\/\/www.c-pauli.de\/blog\/wp-content\/uploads\/2019\/06\/IMG_0066.jpg 5184w, https:\/\/www.c-pauli.de\/blog\/wp-content\/uploads\/2019\/06\/IMG_0066-300x225.jpg 300w, https:\/\/www.c-pauli.de\/blog\/wp-content\/uploads\/2019\/06\/IMG_0066-768x576.jpg 768w, https:\/\/www.c-pauli.de\/blog\/wp-content\/uploads\/2019\/06\/IMG_0066-1024x768.jpg 1024w\" sizes=\"auto, (max-width: 5184px) 100vw, 5184px\" \/><\/figure>\n\n\n\n<ul class=\"wp-block-list\"><li>Diese Naht zusammen vers\u00e4ubern und nach unten b\u00fcgeln.<\/li><\/ul>\n\n\n\n<ul class=\"wp-block-list\"><li>Das Muschel\/Seesternband mitten \u00fcber die dieser Naht feststecken. <\/li><\/ul>\n\n\n\n<figure class=\"wp-block-image\"><img loading=\"lazy\" decoding=\"async\" width=\"5184\" height=\"3888\" src=\"https:\/\/www.c-pauli.de\/blog\/wp-content\/uploads\/2019\/06\/IMG_0118.jpg\" alt=\"\" class=\"wp-image-11592\" srcset=\"https:\/\/www.c-pauli.de\/blog\/wp-content\/uploads\/2019\/06\/IMG_0118.jpg 5184w, https:\/\/www.c-pauli.de\/blog\/wp-content\/uploads\/2019\/06\/IMG_0118-300x225.jpg 300w, https:\/\/www.c-pauli.de\/blog\/wp-content\/uploads\/2019\/06\/IMG_0118-768x576.jpg 768w, https:\/\/www.c-pauli.de\/blog\/wp-content\/uploads\/2019\/06\/IMG_0118-1024x768.jpg 1024w\" sizes=\"auto, (max-width: 5184px) 100vw, 5184px\" \/><\/figure>\n\n\n\n<ul class=\"wp-block-list\"><li>Dabei 1 cm hinter der Teilungsnaht beginnen, das Endst\u00fcck des Bandes 1 cm einschlagen und die Umschlagkante im Verlauf <br> der Teilungsnaht ablegen. Dieses Band ebenfalls an beiden Seiten schmal aufsteppen.<\/li><\/ul>\n\n\n\n<figure class=\"wp-block-image\"><img loading=\"lazy\" decoding=\"async\" width=\"5184\" height=\"3888\" src=\"https:\/\/www.c-pauli.de\/blog\/wp-content\/uploads\/2019\/06\/IMG_0120.jpg\" alt=\"\" class=\"wp-image-11593\" srcset=\"https:\/\/www.c-pauli.de\/blog\/wp-content\/uploads\/2019\/06\/IMG_0120.jpg 5184w, https:\/\/www.c-pauli.de\/blog\/wp-content\/uploads\/2019\/06\/IMG_0120-300x225.jpg 300w, https:\/\/www.c-pauli.de\/blog\/wp-content\/uploads\/2019\/06\/IMG_0120-768x576.jpg 768w, https:\/\/www.c-pauli.de\/blog\/wp-content\/uploads\/2019\/06\/IMG_0120-1024x768.jpg 1024w\" sizes=\"auto, (max-width: 5184px) 100vw, 5184px\" \/><\/figure>\n\n\n\n<ul class=\"wp-block-list\"><li>F\u00fcr das Bindeband den Streifen aus Jeans an der L\u00e4ngsseite zusammenn\u00e4hen. <\/li><\/ul>\n\n\n\n<figure class=\"wp-block-image\"><img loading=\"lazy\" decoding=\"async\" width=\"5184\" height=\"3888\" src=\"https:\/\/www.c-pauli.de\/blog\/wp-content\/uploads\/2019\/06\/IMG_0063.jpg\" alt=\"\" class=\"wp-image-11587\" srcset=\"https:\/\/www.c-pauli.de\/blog\/wp-content\/uploads\/2019\/06\/IMG_0063.jpg 5184w, https:\/\/www.c-pauli.de\/blog\/wp-content\/uploads\/2019\/06\/IMG_0063-300x225.jpg 300w, https:\/\/www.c-pauli.de\/blog\/wp-content\/uploads\/2019\/06\/IMG_0063-768x576.jpg 768w, https:\/\/www.c-pauli.de\/blog\/wp-content\/uploads\/2019\/06\/IMG_0063-1024x768.jpg 1024w\" sizes=\"auto, (max-width: 5184px) 100vw, 5184px\" \/><\/figure>\n\n\n\n<ul class=\"wp-block-list\"><li>Die Nahtzugaben auseinanderb\u00fcgeln. <\/li><\/ul>\n\n\n\n<figure class=\"wp-block-image\"><img loading=\"lazy\" decoding=\"async\" width=\"5184\" height=\"3888\" src=\"https:\/\/www.c-pauli.de\/blog\/wp-content\/uploads\/2019\/06\/IMG_0064.jpg\" alt=\"\" class=\"wp-image-11588\" srcset=\"https:\/\/www.c-pauli.de\/blog\/wp-content\/uploads\/2019\/06\/IMG_0064.jpg 5184w, https:\/\/www.c-pauli.de\/blog\/wp-content\/uploads\/2019\/06\/IMG_0064-300x225.jpg 300w, https:\/\/www.c-pauli.de\/blog\/wp-content\/uploads\/2019\/06\/IMG_0064-768x576.jpg 768w, https:\/\/www.c-pauli.de\/blog\/wp-content\/uploads\/2019\/06\/IMG_0064-1024x768.jpg 1024w\" sizes=\"auto, (max-width: 5184px) 100vw, 5184px\" \/><\/figure>\n\n\n\n<ul class=\"wp-block-list\"><li>Das Band wenden und die Naht in die Mitte b\u00fcgeln.<\/li><\/ul>\n\n\n\n<ul class=\"wp-block-list\"><li>Die beiden Enden, einen Zentimeter nach innen einschlagen und schmal zusteppen.<\/li><\/ul>\n\n\n\n<figure class=\"wp-block-image\"><img loading=\"lazy\" decoding=\"async\" width=\"5184\" height=\"3888\" src=\"https:\/\/www.c-pauli.de\/blog\/wp-content\/uploads\/2019\/06\/IMG_0065.jpg\" alt=\"\" class=\"wp-image-11589\" srcset=\"https:\/\/www.c-pauli.de\/blog\/wp-content\/uploads\/2019\/06\/IMG_0065.jpg 5184w, https:\/\/www.c-pauli.de\/blog\/wp-content\/uploads\/2019\/06\/IMG_0065-300x225.jpg 300w, https:\/\/www.c-pauli.de\/blog\/wp-content\/uploads\/2019\/06\/IMG_0065-768x576.jpg 768w, https:\/\/www.c-pauli.de\/blog\/wp-content\/uploads\/2019\/06\/IMG_0065-1024x768.jpg 1024w\" sizes=\"auto, (max-width: 5184px) 100vw, 5184px\" \/><\/figure>\n\n\n\n<p><strong>Und schon kann die Schule losgehen &#x1f60a;<\/strong><\/p>\n\n\n\n<p><strong>Und jetzt geht es weiter mit dem passenden Beutel!<\/strong><\/p>\n\n\n\n<p><strong>Schwierigkeitsgrad 2 Sterne (Vorkenntnisse)<\/strong><\/p>\n\n\n\n<p><strong>Arbeitszeit ca. 1,5 Stunden<\/strong><\/p>\n\n\n\n<p><strong>Fertigma\u00dfe 38 cm hoch &amp; 32 cm breit<\/strong><\/p>\n\n\n\n<p><strong>F\u00fcr den Beutel ben\u00f6tigst du:<\/strong><br>&#8211; <a href=\"https:\/\/www.c-pauli.de\/shop\/de\/bio-stoffe\/jeans\/1047\/chambray-stoff-uni-kia-deep-blue\">Kia Deep Blue<\/a> 26 cm hoch &amp; 70 cm breit<br>&#8211; <a href=\"https:\/\/www.c-pauli.de\/shop\/de\/bio-stoffe\/jeans\/1047\/chambray-stoff-uni-kia-deep-blue\">Kia Deep Blue<\/a> 7 cm hoch &amp; 122 cm breit<br>&#8211; <a href=\"https:\/\/www.c-pauli.de\/shop\/de\/bio-stoffe\/popeline-fein\/886\/popeline-fein-stoff-feine-webstreifen-blue-print\/weiss\">Streifen Blue Print\/Wei\u00df<\/a> 25 cm hoch &amp; 35 cm breit<br>&#8211; Deep Kobalt 12 cm hoch &amp; 70 cm breit<\/p>\n\n\n\n<p><strong>B\u00e4nder:<\/strong><br>&#8211; 2 x Tunnelstreifen 10 x 34 cm Streifenstoff<br>-2 x Tr\u00e4ger 3 x 120 cm Jeans<br>&#8211; 2 x Mittelteil 27 x 34 cm Jeans<br>&#8211; 1 x Boden 22 x 34 cm Blau<\/p>\n\n\n\n<p><a href=\"https:\/\/www.c-pauli.de\/blog\/wp-content\/uploads\/2019\/06\/Schablone-Turnbeutel.mdl_.pdf\">Hier findest du die Schablone f\u00fcr den Beutel<\/a><\/p>\n\n\n\n<p><strong>Den Schnitt nach den Ma\u00dfen der Schablone &amp; Nahtzugabe erstellen.<\/strong><\/p>\n\n\n\n<p><strong>Immer beim Aufzeichnen auf den Stoff, den Fadenlauf und das Stoffmuster achten.<\/strong><\/p>\n\n\n\n<p><strong>Step by Step Anleitung: <\/strong><\/p>\n\n\n\n<ul class=\"wp-block-list\"><li>Die Stoffst\u00fccke aneinander n\u00e4hen und zusammen vers\u00e4ubern.<\/li><li><\/li><\/ul>\n\n\n\n<figure class=\"wp-block-image\"><img loading=\"lazy\" decoding=\"async\" width=\"5184\" height=\"3888\" src=\"https:\/\/www.c-pauli.de\/blog\/wp-content\/uploads\/2019\/06\/IMG_0069.jpg\" alt=\"\" class=\"wp-image-11600\" srcset=\"https:\/\/www.c-pauli.de\/blog\/wp-content\/uploads\/2019\/06\/IMG_0069.jpg 5184w, https:\/\/www.c-pauli.de\/blog\/wp-content\/uploads\/2019\/06\/IMG_0069-300x225.jpg 300w, https:\/\/www.c-pauli.de\/blog\/wp-content\/uploads\/2019\/06\/IMG_0069-768x576.jpg 768w, https:\/\/www.c-pauli.de\/blog\/wp-content\/uploads\/2019\/06\/IMG_0069-1024x768.jpg 1024w\" sizes=\"auto, (max-width: 5184px) 100vw, 5184px\" \/><\/figure>\n\n\n\n<ul class=\"wp-block-list\"><li>Die Nahtzugaben zur Mitte b\u00fcgeln.<\/li><\/ul>\n\n\n\n<figure class=\"wp-block-image\"><img loading=\"lazy\" decoding=\"async\" width=\"5184\" height=\"3888\" src=\"https:\/\/www.c-pauli.de\/blog\/wp-content\/uploads\/2019\/06\/IMG_0070.jpg\" alt=\"\" class=\"wp-image-11601\" srcset=\"https:\/\/www.c-pauli.de\/blog\/wp-content\/uploads\/2019\/06\/IMG_0070.jpg 5184w, https:\/\/www.c-pauli.de\/blog\/wp-content\/uploads\/2019\/06\/IMG_0070-300x225.jpg 300w, https:\/\/www.c-pauli.de\/blog\/wp-content\/uploads\/2019\/06\/IMG_0070-768x576.jpg 768w, https:\/\/www.c-pauli.de\/blog\/wp-content\/uploads\/2019\/06\/IMG_0070-1024x768.jpg 1024w\" sizes=\"auto, (max-width: 5184px) 100vw, 5184px\" \/><\/figure>\n\n\n\n<ul class=\"wp-block-list\"><li>Auf der Vorderseite an der unteren Jeanskante das Leuchtturmband ann\u00e4hen.<\/li><\/ul>\n\n\n\n<ul class=\"wp-block-list\"><li>Jeweils ober- und unterhalb eine Zackenlitze aufsteppen.<\/li><\/ul>\n\n\n\n<ul class=\"wp-block-list\"><li>An die obere Jeanskante das Ahoi Band n\u00e4hen.<\/li><\/ul>\n\n\n\n<figure class=\"wp-block-image\"><img loading=\"lazy\" decoding=\"async\" width=\"5184\" height=\"3888\" src=\"https:\/\/www.c-pauli.de\/blog\/wp-content\/uploads\/2019\/06\/IMG_0071.jpg\" alt=\"\" class=\"wp-image-11602\" srcset=\"https:\/\/www.c-pauli.de\/blog\/wp-content\/uploads\/2019\/06\/IMG_0071.jpg 5184w, https:\/\/www.c-pauli.de\/blog\/wp-content\/uploads\/2019\/06\/IMG_0071-300x225.jpg 300w, https:\/\/www.c-pauli.de\/blog\/wp-content\/uploads\/2019\/06\/IMG_0071-768x576.jpg 768w, https:\/\/www.c-pauli.de\/blog\/wp-content\/uploads\/2019\/06\/IMG_0071-1024x768.jpg 1024w\" sizes=\"auto, (max-width: 5184px) 100vw, 5184px\" \/><\/figure>\n\n\n\n<ul class=\"wp-block-list\"><li>Die Seiten und die Oberkante einzeln vers\u00e4ubern. <\/li><\/ul>\n\n\n\n<ul class=\"wp-block-list\"><li>Den Rucksack rechts auf rechts aufeinanderlegen.<\/li><\/ul>\n\n\n\n<ul class=\"wp-block-list\"><li>Die Seitenn\u00e4hte schlie\u00dfen, dabei zwischen den Markierungen die Naht f\u00fcr den Tunnel (2,5cm), und am Boden f\u00fcr die B\u00e4nder (1,5cm),  offen lassen. <\/li><\/ul>\n\n\n\n<figure class=\"wp-block-image\"><img loading=\"lazy\" decoding=\"async\" width=\"5184\" height=\"3888\" src=\"https:\/\/www.c-pauli.de\/blog\/wp-content\/uploads\/2019\/06\/IMG_0072.jpg\" alt=\"\" class=\"wp-image-11603\" srcset=\"https:\/\/www.c-pauli.de\/blog\/wp-content\/uploads\/2019\/06\/IMG_0072.jpg 5184w, https:\/\/www.c-pauli.de\/blog\/wp-content\/uploads\/2019\/06\/IMG_0072-300x225.jpg 300w, https:\/\/www.c-pauli.de\/blog\/wp-content\/uploads\/2019\/06\/IMG_0072-768x576.jpg 768w, https:\/\/www.c-pauli.de\/blog\/wp-content\/uploads\/2019\/06\/IMG_0072-1024x768.jpg 1024w\" sizes=\"auto, (max-width: 5184px) 100vw, 5184px\" \/><\/figure>\n\n\n\n<ul class=\"wp-block-list\"><li>Die Seitenn\u00e4hte auseinander b\u00fcgeln.<\/li><\/ul>\n\n\n\n<ul class=\"wp-block-list\"><li>Die obere Kante 5 cm umschlagen und an der Jeans Ansatznaht durchsteppen. <\/li><\/ul>\n\n\n\n<figure class=\"wp-block-image\"><img loading=\"lazy\" decoding=\"async\" width=\"5184\" height=\"3888\" src=\"https:\/\/www.c-pauli.de\/blog\/wp-content\/uploads\/2019\/06\/IMG_0073.jpg\" alt=\"\" class=\"wp-image-11604\" srcset=\"https:\/\/www.c-pauli.de\/blog\/wp-content\/uploads\/2019\/06\/IMG_0073.jpg 5184w, https:\/\/www.c-pauli.de\/blog\/wp-content\/uploads\/2019\/06\/IMG_0073-300x225.jpg 300w, https:\/\/www.c-pauli.de\/blog\/wp-content\/uploads\/2019\/06\/IMG_0073-768x576.jpg 768w, https:\/\/www.c-pauli.de\/blog\/wp-content\/uploads\/2019\/06\/IMG_0073-1024x768.jpg 1024w\" sizes=\"auto, (max-width: 5184px) 100vw, 5184px\" \/><\/figure>\n\n\n\n<ul class=\"wp-block-list\"><li>Den Tunnel 1,5 cm von der oberen Bruchkante ebenfalls durchsteppen. <\/li><\/ul>\n\n\n\n<figure class=\"wp-block-image\"><img loading=\"lazy\" decoding=\"async\" width=\"5184\" height=\"3888\" src=\"https:\/\/www.c-pauli.de\/blog\/wp-content\/uploads\/2019\/06\/IMG_0076.jpg\" alt=\"\" class=\"wp-image-11607\" srcset=\"https:\/\/www.c-pauli.de\/blog\/wp-content\/uploads\/2019\/06\/IMG_0076.jpg 5184w, https:\/\/www.c-pauli.de\/blog\/wp-content\/uploads\/2019\/06\/IMG_0076-300x225.jpg 300w, https:\/\/www.c-pauli.de\/blog\/wp-content\/uploads\/2019\/06\/IMG_0076-768x576.jpg 768w, https:\/\/www.c-pauli.de\/blog\/wp-content\/uploads\/2019\/06\/IMG_0076-1024x768.jpg 1024w\" sizes=\"auto, (max-width: 5184px) 100vw, 5184px\" \/><\/figure>\n\n\n\n<ul class=\"wp-block-list\"><li>Die B\u00e4nder an den L\u00e4ngskanten 7 mm breit, mit einem Schr\u00e4gbandformer, umb\u00fcgeln.<\/li><\/ul>\n\n\n\n<ul class=\"wp-block-list\"><li>In der Mitte zusammenlegen und knapp absteppen. <\/li><\/ul>\n\n\n\n<figure class=\"wp-block-image\"><img loading=\"lazy\" decoding=\"async\" width=\"5184\" height=\"3888\" src=\"https:\/\/www.c-pauli.de\/blog\/wp-content\/uploads\/2019\/06\/IMG_0074.jpg\" alt=\"\" class=\"wp-image-11605\" srcset=\"https:\/\/www.c-pauli.de\/blog\/wp-content\/uploads\/2019\/06\/IMG_0074.jpg 5184w, https:\/\/www.c-pauli.de\/blog\/wp-content\/uploads\/2019\/06\/IMG_0074-300x225.jpg 300w, https:\/\/www.c-pauli.de\/blog\/wp-content\/uploads\/2019\/06\/IMG_0074-768x576.jpg 768w, https:\/\/www.c-pauli.de\/blog\/wp-content\/uploads\/2019\/06\/IMG_0074-1024x768.jpg 1024w\" sizes=\"auto, (max-width: 5184px) 100vw, 5184px\" \/><\/figure>\n\n\n\n<ul class=\"wp-block-list\"><li>Mit Hilfe einer Sicherheitsnadel durch die Tunnel\u00f6ffnung  einziehen, rundherum f\u00fchren und an der selben Stelle wieder austreten lassen.<\/li><\/ul>\n\n\n\n<figure class=\"wp-block-image\"><img loading=\"lazy\" decoding=\"async\" width=\"5184\" height=\"3888\" src=\"https:\/\/www.c-pauli.de\/blog\/wp-content\/uploads\/2019\/06\/IMG_0075.jpg\" alt=\"\" class=\"wp-image-11606\" srcset=\"https:\/\/www.c-pauli.de\/blog\/wp-content\/uploads\/2019\/06\/IMG_0075.jpg 5184w, https:\/\/www.c-pauli.de\/blog\/wp-content\/uploads\/2019\/06\/IMG_0075-300x225.jpg 300w, https:\/\/www.c-pauli.de\/blog\/wp-content\/uploads\/2019\/06\/IMG_0075-768x576.jpg 768w, https:\/\/www.c-pauli.de\/blog\/wp-content\/uploads\/2019\/06\/IMG_0075-1024x768.jpg 1024w\" sizes=\"auto, (max-width: 5184px) 100vw, 5184px\" \/><\/figure>\n\n\n\n<figure class=\"wp-block-image\"><img loading=\"lazy\" decoding=\"async\" width=\"5184\" height=\"3888\" src=\"https:\/\/www.c-pauli.de\/blog\/wp-content\/uploads\/2019\/06\/IMG_0077.jpg\" alt=\"\" class=\"wp-image-11608\" srcset=\"https:\/\/www.c-pauli.de\/blog\/wp-content\/uploads\/2019\/06\/IMG_0077.jpg 5184w, https:\/\/www.c-pauli.de\/blog\/wp-content\/uploads\/2019\/06\/IMG_0077-300x225.jpg 300w, https:\/\/www.c-pauli.de\/blog\/wp-content\/uploads\/2019\/06\/IMG_0077-768x576.jpg 768w, https:\/\/www.c-pauli.de\/blog\/wp-content\/uploads\/2019\/06\/IMG_0077-1024x768.jpg 1024w\" sizes=\"auto, (max-width: 5184px) 100vw, 5184px\" \/><\/figure>\n\n\n\n<figure class=\"wp-block-image\"><img loading=\"lazy\" decoding=\"async\" width=\"5184\" height=\"3888\" src=\"https:\/\/www.c-pauli.de\/blog\/wp-content\/uploads\/2019\/06\/IMG_0078.jpg\" alt=\"\" class=\"wp-image-11609\" srcset=\"https:\/\/www.c-pauli.de\/blog\/wp-content\/uploads\/2019\/06\/IMG_0078.jpg 5184w, https:\/\/www.c-pauli.de\/blog\/wp-content\/uploads\/2019\/06\/IMG_0078-300x225.jpg 300w, https:\/\/www.c-pauli.de\/blog\/wp-content\/uploads\/2019\/06\/IMG_0078-768x576.jpg 768w, https:\/\/www.c-pauli.de\/blog\/wp-content\/uploads\/2019\/06\/IMG_0078-1024x768.jpg 1024w\" sizes=\"auto, (max-width: 5184px) 100vw, 5184px\" \/><\/figure>\n\n\n\n<ul class=\"wp-block-list\"><li>Das Ende der Tr\u00e4ger in die Boden\u00f6ffnung des Rucksacks schieben und die Naht schlie\u00dfen. <\/li><\/ul>\n\n\n\n<figure class=\"wp-block-image\"><img loading=\"lazy\" decoding=\"async\" width=\"5184\" height=\"3888\" src=\"https:\/\/www.c-pauli.de\/blog\/wp-content\/uploads\/2019\/06\/IMG_0079.jpg\" alt=\"\" class=\"wp-image-11610\" srcset=\"https:\/\/www.c-pauli.de\/blog\/wp-content\/uploads\/2019\/06\/IMG_0079.jpg 5184w, https:\/\/www.c-pauli.de\/blog\/wp-content\/uploads\/2019\/06\/IMG_0079-300x225.jpg 300w, https:\/\/www.c-pauli.de\/blog\/wp-content\/uploads\/2019\/06\/IMG_0079-768x576.jpg 768w, https:\/\/www.c-pauli.de\/blog\/wp-content\/uploads\/2019\/06\/IMG_0079-1024x768.jpg 1024w\" sizes=\"auto, (max-width: 5184px) 100vw, 5184px\" \/><\/figure>\n\n\n\n<p>Fertig! &#x1f643;<\/p>\n","protected":false},"excerpt":{"rendered":"<p>Eine individuelle Schult\u00fcte aus Stoff: Nachhaltig und eine Erinnerung f\u00fcr immer. Dieser Schult\u00fcte haben wir mit unseren Kafka B\u00e4ndern ein maritimes Thema verliehen. Nat\u00fcrlich findet ihr auch viele weitere Motive in unserem Shop. Au\u00dferdem zeigen wir euch heute auch, wie&hellip; <\/p>\n","protected":false},"author":4,"featured_media":11635,"comment_status":"open","ping_status":"open","sticky":false,"template":"","format":"standard","meta":{"footnotes":""},"categories":[1,381,377,916],"tags":[106,117,780,484,289,166,884,953,114,245,191,98,21,160,140,100,112,436,280,275,87,952,192,82,161,246,22,331,108,957,958,137,96,929,180,956,97,466,85,776,777],"class_list":["post-11572","post","type-post","status-publish","format-standard","has-post-thumbnail","hentry","category-allgemein","category-jungs","category-kinder","category-naehen","tag-anleitung","tag-applikation","tag-baender","tag-beutel","tag-bio-stoffe","tag-biobaumwolle","tag-biostoffe","tag-blau","tag-blog","tag-blogger","tag-boys","tag-c-pauli-blog","tag-diy","tag-diy-naehen","tag-einschulung","tag-freebook","tag-geschenk","tag-geschenke","tag-jungen","tag-jungenstyle","tag-jungs","tag-kafka","tag-kids","tag-kinder","tag-maritim","tag-naehblog","tag-naehen","tag-naehmaschine","tag-organic-cotton","tag-schulbeginn","tag-schule","tag-schultuete","tag-selber-naehen","tag-selbstgemacht","tag-selfmade","tag-turnbeutel","tag-tutorial","tag-tutorial-c-pauli","tag-von-euch-genaeht","tag-webband","tag-webbaender"],"aioseo_notices":[],"_links":{"self":[{"href":"https:\/\/www.c-pauli.de\/blog\/wp-json\/wp\/v2\/posts\/11572","targetHints":{"allow":["GET"]}}],"collection":[{"href":"https:\/\/www.c-pauli.de\/blog\/wp-json\/wp\/v2\/posts"}],"about":[{"href":"https:\/\/www.c-pauli.de\/blog\/wp-json\/wp\/v2\/types\/post"}],"author":[{"embeddable":true,"href":"https:\/\/www.c-pauli.de\/blog\/wp-json\/wp\/v2\/users\/4"}],"replies":[{"embeddable":true,"href":"https:\/\/www.c-pauli.de\/blog\/wp-json\/wp\/v2\/comments?post=11572"}],"version-history":[{"count":0,"href":"https:\/\/www.c-pauli.de\/blog\/wp-json\/wp\/v2\/posts\/11572\/revisions"}],"wp:featuredmedia":[{"embeddable":true,"href":"https:\/\/www.c-pauli.de\/blog\/wp-json\/wp\/v2\/media\/11635"}],"wp:attachment":[{"href":"https:\/\/www.c-pauli.de\/blog\/wp-json\/wp\/v2\/media?parent=11572"}],"wp:term":[{"taxonomy":"category","embeddable":true,"href":"https:\/\/www.c-pauli.de\/blog\/wp-json\/wp\/v2\/categories?post=11572"},{"taxonomy":"post_tag","embeddable":true,"href":"https:\/\/www.c-pauli.de\/blog\/wp-json\/wp\/v2\/tags?post=11572"}],"curies":[{"name":"wp","href":"https:\/\/api.w.org\/{rel}","templated":true}]}}