{"id":11669,"date":"2019-07-20T08:00:52","date_gmt":"2019-07-20T06:00:52","guid":{"rendered":"https:\/\/www.c-pauli.de\/blog\/?p=11669"},"modified":"2019-07-19T14:21:04","modified_gmt":"2019-07-19T12:21:04","slug":"sommerkleid-viola","status":"publish","type":"post","link":"https:\/\/www.c-pauli.de\/blog\/sommerkleid-viola\/","title":{"rendered":"Sommerkleid Viola"},"content":{"rendered":"\n<figure class=\"wp-block-image\"><img loading=\"lazy\" decoding=\"async\" width=\"670\" height=\"300\" src=\"https:\/\/www.c-pauli.de\/blog\/wp-content\/uploads\/2019\/07\/2019_Sommerkleid_Viola.jpg\" alt=\"\" class=\"wp-image-11644\" srcset=\"https:\/\/www.c-pauli.de\/blog\/wp-content\/uploads\/2019\/07\/2019_Sommerkleid_Viola.jpg 670w, https:\/\/www.c-pauli.de\/blog\/wp-content\/uploads\/2019\/07\/2019_Sommerkleid_Viola-300x134.jpg 300w\" sizes=\"auto, (max-width: 670px) 100vw, 670px\" \/><\/figure>\n\n\n\n<p>Den Sommer geniessen&#8230; in unserem Sommerkleid Viola.<br>Heute zeigen wir euch, wie ihr dieses sommerliche Kleid n\u00e4ht. Die passenden Stoffe findet ihr in unserem Shop. <br>Lasst euch inspirieren und geniesst den Sommer!<\/p>\n\n\n\n<p><\/p>\n\n\n\n<p><\/p>\n\n\n\n<figure class=\"wp-block-image\"><img loading=\"lazy\" decoding=\"async\" width=\"683\" height=\"1024\" src=\"https:\/\/www.c-pauli.de\/blog\/wp-content\/uploads\/2019\/07\/IMG_4549_mod-logo-683x1024.jpg\" alt=\"\" class=\"wp-image-11670\" srcset=\"https:\/\/www.c-pauli.de\/blog\/wp-content\/uploads\/2019\/07\/IMG_4549_mod-logo.jpg 683w, https:\/\/www.c-pauli.de\/blog\/wp-content\/uploads\/2019\/07\/IMG_4549_mod-logo-200x300.jpg 200w\" sizes=\"auto, (max-width: 683px) 100vw, 683px\" \/><\/figure>\n\n\n\n<p><strong>Schwierigkeitsgrad 3 Sterne<\/strong><\/p>\n\n\n\n<p><strong>Zeitaufwand ca. 2,5 Stunden<\/strong><\/p>\n\n\n\n<p><strong>Gr\u00f6\u00dfen: 34, 38, 42<br>R\u00fcckenl\u00e4nge in hinterer Mitte ca. 93 cm<\/strong><\/p>\n\n\n\n<p><strong>F\u00fcr das Kleid ben\u00f6tigst du:<\/strong><br><a href=\"https:\/\/www.c-pauli.de\/shop\/de\/bio-stoffe\/voile-print\/1461\/voile-stoff-blue-viola\">Voile Blue Viola<\/a> 1,20 m<\/p>\n\n\n\n<p><strong>Schnittvorbereitung:<\/strong><br>&#8211; Den Schnitt findest du <a href=\"https:\/\/www.c-pauli.de\/blog\/wp-content\/uploads\/2019\/07\/Sommerkleid-Viola.mdl_.pdf\">hier<\/a><br>&#8211; Das Raster findest du <a href=\"https:\/\/www.c-pauli.de\/blog\/wp-content\/uploads\/2019\/07\/Raster-Sommerkleid-Viola.docx\">hier<\/a><br>&#8211; Den Schnitt ausdrucken und die Ma\u00dfe des Kontrollfensters pr\u00fcfen.<br>&#8211; Die einzelnen Bl\u00e4tter am <strong>rechten<\/strong> und <strong>unteren<\/strong> Rand ausschneiden.<br>&#8211; Danach die Seiten entsprechend der Buchstaben- und Nummernfolge aneinander kleben. <br>&#8211; Im Rasterfenster siehst du den gesamten Schnitt. <\/p>\n\n\n\n<p><strong>Zuschnitt:<\/strong><br>&#8211; 1 x Vorderteil im Stoffbruch<br>&#8211; 1 x R\u00fcckenteil im Stoffbruch<br>&#8211; 1 Paar Halsblende Vorderteil<br>&#8211; 2 Paar Halsblende R\u00fcckenteil<br>&#8211; 2 x Schr\u00e4gstreifen 3 cm breit x 58 cm lang<\/p>\n\n\n\n<p>Beim Aufzeichnen auf den Stoff den Fadenlauf beachten. <br>Alle Markierungen vom Schnitt auf den Stoff \u00fcbertragen.<br> Die Nahtzugabe betr\u00e4gt bei diesem Modell 1 cm und ist im Schnitt enthalten.<\/p>\n\n\n\n<p><strong>Step by Step Anleitung<\/strong><\/p>\n\n\n\n<ul class=\"wp-block-list\"><li>Auf die \u00e4u\u00dfere Halsblende Einlage b\u00fcgeln.<\/li><li>Auf die linke Stoffseite der hinteren Mitte, das Nahtband aufb\u00fcgeln und die Naht vers\u00e4ubern. <\/li><\/ul>\n\n\n\n<figure class=\"wp-block-image\"><img loading=\"lazy\" decoding=\"async\" width=\"1024\" height=\"768\" src=\"https:\/\/www.c-pauli.de\/blog\/wp-content\/uploads\/2019\/07\/IMG_0134-1024x768.jpg\" alt=\"\" class=\"wp-image-11650\" srcset=\"https:\/\/www.c-pauli.de\/blog\/wp-content\/uploads\/2019\/07\/IMG_0134-1024x768.jpg 1024w, https:\/\/www.c-pauli.de\/blog\/wp-content\/uploads\/2019\/07\/IMG_0134-300x225.jpg 300w, https:\/\/www.c-pauli.de\/blog\/wp-content\/uploads\/2019\/07\/IMG_0134-768x576.jpg 768w\" sizes=\"auto, (max-width: 1024px) 100vw, 1024px\" \/><\/figure>\n\n\n\n<figure class=\"wp-block-image\"><img loading=\"lazy\" decoding=\"async\" width=\"1024\" height=\"768\" src=\"https:\/\/www.c-pauli.de\/blog\/wp-content\/uploads\/2019\/07\/IMG_0136-1024x768.jpg\" alt=\"\" class=\"wp-image-11651\" srcset=\"https:\/\/www.c-pauli.de\/blog\/wp-content\/uploads\/2019\/07\/IMG_0136-1024x768.jpg 1024w, https:\/\/www.c-pauli.de\/blog\/wp-content\/uploads\/2019\/07\/IMG_0136-300x225.jpg 300w, https:\/\/www.c-pauli.de\/blog\/wp-content\/uploads\/2019\/07\/IMG_0136-768x576.jpg 768w\" sizes=\"auto, (max-width: 1024px) 100vw, 1024px\" \/><\/figure>\n\n\n\n<ul class=\"wp-block-list\"><li>Die Seitennaht n\u00e4hen, vers\u00e4ubern und ins R\u00fcckenteil b\u00fcgeln.  <\/li><\/ul>\n\n\n\n<figure class=\"wp-block-image\"><img loading=\"lazy\" decoding=\"async\" width=\"1024\" height=\"768\" src=\"https:\/\/www.c-pauli.de\/blog\/wp-content\/uploads\/2019\/07\/IMG_0137-1024x768.jpg\" alt=\"\" class=\"wp-image-11652\" srcset=\"https:\/\/www.c-pauli.de\/blog\/wp-content\/uploads\/2019\/07\/IMG_0137-1024x768.jpg 1024w, https:\/\/www.c-pauli.de\/blog\/wp-content\/uploads\/2019\/07\/IMG_0137-300x225.jpg 300w, https:\/\/www.c-pauli.de\/blog\/wp-content\/uploads\/2019\/07\/IMG_0137-768x576.jpg 768w\" sizes=\"auto, (max-width: 1024px) 100vw, 1024px\" \/><\/figure>\n\n\n\n<ul class=\"wp-block-list\"><li>Die Schr\u00e4gb\u00e4nder im Bruch b\u00fcgeln&#8230;<\/li><\/ul>\n\n\n\n<figure class=\"wp-block-image\"><img loading=\"lazy\" decoding=\"async\" width=\"1024\" height=\"768\" src=\"https:\/\/www.c-pauli.de\/blog\/wp-content\/uploads\/2019\/07\/IMG_0140-1024x768.jpg\" alt=\"\" class=\"wp-image-11655\" srcset=\"https:\/\/www.c-pauli.de\/blog\/wp-content\/uploads\/2019\/07\/IMG_0140-1024x768.jpg 1024w, https:\/\/www.c-pauli.de\/blog\/wp-content\/uploads\/2019\/07\/IMG_0140-300x225.jpg 300w, https:\/\/www.c-pauli.de\/blog\/wp-content\/uploads\/2019\/07\/IMG_0140-768x576.jpg 768w\" sizes=\"auto, (max-width: 1024px) 100vw, 1024px\" \/><\/figure>\n\n\n\n<ul class=\"wp-block-list\"><li>und doppelt auf die rechte Seite der Arml\u00f6cher n\u00e4hen.  <\/li><\/ul>\n\n\n\n<figure class=\"wp-block-image\"><img loading=\"lazy\" decoding=\"async\" width=\"1024\" height=\"768\" src=\"https:\/\/www.c-pauli.de\/blog\/wp-content\/uploads\/2019\/07\/IMG_0142-1024x768.jpg\" alt=\"\" class=\"wp-image-11656\" srcset=\"https:\/\/www.c-pauli.de\/blog\/wp-content\/uploads\/2019\/07\/IMG_0142-1024x768.jpg 1024w, https:\/\/www.c-pauli.de\/blog\/wp-content\/uploads\/2019\/07\/IMG_0142-300x225.jpg 300w, https:\/\/www.c-pauli.de\/blog\/wp-content\/uploads\/2019\/07\/IMG_0142-768x576.jpg 768w\" sizes=\"auto, (max-width: 1024px) 100vw, 1024px\" \/><\/figure>\n\n\n\n<ul class=\"wp-block-list\"><li>Den Streifen nach links b\u00fcgeln<\/li><\/ul>\n\n\n\n<figure class=\"wp-block-image\"><img loading=\"lazy\" decoding=\"async\" width=\"1024\" height=\"768\" src=\"https:\/\/www.c-pauli.de\/blog\/wp-content\/uploads\/2019\/07\/IMG_0143-1024x768.jpg\" alt=\"\" class=\"wp-image-11657\" srcset=\"https:\/\/www.c-pauli.de\/blog\/wp-content\/uploads\/2019\/07\/IMG_0143-1024x768.jpg 1024w, https:\/\/www.c-pauli.de\/blog\/wp-content\/uploads\/2019\/07\/IMG_0143-300x225.jpg 300w, https:\/\/www.c-pauli.de\/blog\/wp-content\/uploads\/2019\/07\/IMG_0143-768x576.jpg 768w\" sizes=\"auto, (max-width: 1024px) 100vw, 1024px\" \/><\/figure>\n\n\n\n<ul class=\"wp-block-list\"><li>  und entlang der Bruchkante knapp absteppen.<\/li><\/ul>\n\n\n\n<figure class=\"wp-block-image\"><img loading=\"lazy\" decoding=\"async\" width=\"1024\" height=\"768\" src=\"https:\/\/www.c-pauli.de\/blog\/wp-content\/uploads\/2019\/07\/IMG_0144-1024x768.jpg\" alt=\"\" class=\"wp-image-11658\" srcset=\"https:\/\/www.c-pauli.de\/blog\/wp-content\/uploads\/2019\/07\/IMG_0144-1024x768.jpg 1024w, https:\/\/www.c-pauli.de\/blog\/wp-content\/uploads\/2019\/07\/IMG_0144-300x225.jpg 300w, https:\/\/www.c-pauli.de\/blog\/wp-content\/uploads\/2019\/07\/IMG_0144-768x576.jpg 768w\" sizes=\"auto, (max-width: 1024px) 100vw, 1024px\" \/><\/figure>\n\n\n\n<ul class=\"wp-block-list\"><li>Im Vorderteilausschnitt die Kr\u00e4uself\u00e4den einn\u00e4hen und auf die im Schnitt angegebene L\u00e4nge einkr\u00e4useln.<\/li><\/ul>\n\n\n\n<figure class=\"wp-block-image\"><img loading=\"lazy\" decoding=\"async\" width=\"1024\" height=\"768\" src=\"https:\/\/www.c-pauli.de\/blog\/wp-content\/uploads\/2019\/07\/IMG_0145-1024x768.jpg\" alt=\"\" class=\"wp-image-11659\" srcset=\"https:\/\/www.c-pauli.de\/blog\/wp-content\/uploads\/2019\/07\/IMG_0145-1024x768.jpg 1024w, https:\/\/www.c-pauli.de\/blog\/wp-content\/uploads\/2019\/07\/IMG_0145-300x225.jpg 300w, https:\/\/www.c-pauli.de\/blog\/wp-content\/uploads\/2019\/07\/IMG_0145-768x576.jpg 768w\" sizes=\"auto, (max-width: 1024px) 100vw, 1024px\" \/><\/figure>\n\n\n\n<ul class=\"wp-block-list\"><li>Die Schulternaht der Halsblende zusammen n\u00e4hen&#8230; <\/li><\/ul>\n\n\n\n<figure class=\"wp-block-image\"><img loading=\"lazy\" decoding=\"async\" width=\"1024\" height=\"768\" src=\"https:\/\/www.c-pauli.de\/blog\/wp-content\/uploads\/2019\/07\/IMG_0138-1024x768.jpg\" alt=\"\" class=\"wp-image-11653\" srcset=\"https:\/\/www.c-pauli.de\/blog\/wp-content\/uploads\/2019\/07\/IMG_0138-1024x768.jpg 1024w, https:\/\/www.c-pauli.de\/blog\/wp-content\/uploads\/2019\/07\/IMG_0138-300x225.jpg 300w, https:\/\/www.c-pauli.de\/blog\/wp-content\/uploads\/2019\/07\/IMG_0138-768x576.jpg 768w\" sizes=\"auto, (max-width: 1024px) 100vw, 1024px\" \/><\/figure>\n\n\n\n<ul class=\"wp-block-list\"><li>und die N\u00e4hte auseinander b\u00fcgeln.<\/li><\/ul>\n\n\n\n<figure class=\"wp-block-image\"><img loading=\"lazy\" decoding=\"async\" width=\"768\" height=\"1024\" src=\"https:\/\/www.c-pauli.de\/blog\/wp-content\/uploads\/2019\/07\/IMG_0139-768x1024.jpg\" alt=\"\" class=\"wp-image-11654\" srcset=\"https:\/\/www.c-pauli.de\/blog\/wp-content\/uploads\/2019\/07\/IMG_0139-768x1024.jpg 768w, https:\/\/www.c-pauli.de\/blog\/wp-content\/uploads\/2019\/07\/IMG_0139-225x300.jpg 225w\" sizes=\"auto, (max-width: 768px) 100vw, 768px\" \/><\/figure>\n\n\n\n<ul class=\"wp-block-list\"><li>Das Vorderteil an die Blende n\u00e4hen (dabei auf die Makierungen achten)<\/li><\/ul>\n\n\n\n<figure class=\"wp-block-image\"><img loading=\"lazy\" decoding=\"async\" width=\"1024\" height=\"768\" src=\"https:\/\/www.c-pauli.de\/blog\/wp-content\/uploads\/2019\/07\/IMG_0146-1024x768.jpg\" alt=\"\" class=\"wp-image-11660\" srcset=\"https:\/\/www.c-pauli.de\/blog\/wp-content\/uploads\/2019\/07\/IMG_0146-1024x768.jpg 1024w, https:\/\/www.c-pauli.de\/blog\/wp-content\/uploads\/2019\/07\/IMG_0146-300x225.jpg 300w, https:\/\/www.c-pauli.de\/blog\/wp-content\/uploads\/2019\/07\/IMG_0146-768x576.jpg 768w\" sizes=\"auto, (max-width: 1024px) 100vw, 1024px\" \/><\/figure>\n\n\n\n<ul class=\"wp-block-list\"><li>Die R\u00fcckenteile ebenfalls an die jeweilige Blende ann\u00e4hen.<\/li><\/ul>\n\n\n\n<figure class=\"wp-block-image\"><img loading=\"lazy\" decoding=\"async\" width=\"1024\" height=\"768\" src=\"https:\/\/www.c-pauli.de\/blog\/wp-content\/uploads\/2019\/07\/IMG_0147-1024x768.jpg\" alt=\"\" class=\"wp-image-11661\" srcset=\"https:\/\/www.c-pauli.de\/blog\/wp-content\/uploads\/2019\/07\/IMG_0147-1024x768.jpg 1024w, https:\/\/www.c-pauli.de\/blog\/wp-content\/uploads\/2019\/07\/IMG_0147-300x225.jpg 300w, https:\/\/www.c-pauli.de\/blog\/wp-content\/uploads\/2019\/07\/IMG_0147-768x576.jpg 768w\" sizes=\"auto, (max-width: 1024px) 100vw, 1024px\" \/><\/figure>\n\n\n\n<ul class=\"wp-block-list\"><li>Den nahtverdeckten Rei\u00dfverschluss, mit einem Spezialfuss, in die hintere Mitte einarbeiten.<\/li><\/ul>\n\n\n\n<figure class=\"wp-block-image\"><img loading=\"lazy\" decoding=\"async\" width=\"1024\" height=\"768\" src=\"https:\/\/www.c-pauli.de\/blog\/wp-content\/uploads\/2019\/07\/IMG_0148-1024x768.jpg\" alt=\"\" class=\"wp-image-11662\" srcset=\"https:\/\/www.c-pauli.de\/blog\/wp-content\/uploads\/2019\/07\/IMG_0148-1024x768.jpg 1024w, https:\/\/www.c-pauli.de\/blog\/wp-content\/uploads\/2019\/07\/IMG_0148-300x225.jpg 300w, https:\/\/www.c-pauli.de\/blog\/wp-content\/uploads\/2019\/07\/IMG_0148-768x576.jpg 768w\" sizes=\"auto, (max-width: 1024px) 100vw, 1024px\" \/><\/figure>\n\n\n\n<ul class=\"wp-block-list\"><li>Halsblende und Beleg rechts auf rechts legen, das innere Halsloch verst\u00fcrzen, die Rundungen einschneiden.<\/li><\/ul>\n\n\n\n<figure class=\"wp-block-image\"><img loading=\"lazy\" decoding=\"async\" width=\"1024\" height=\"768\" src=\"https:\/\/www.c-pauli.de\/blog\/wp-content\/uploads\/2019\/07\/IMG_0152-1024x768.jpg\" alt=\"\" class=\"wp-image-11663\" srcset=\"https:\/\/www.c-pauli.de\/blog\/wp-content\/uploads\/2019\/07\/IMG_0152-1024x768.jpg 1024w, https:\/\/www.c-pauli.de\/blog\/wp-content\/uploads\/2019\/07\/IMG_0152-300x225.jpg 300w, https:\/\/www.c-pauli.de\/blog\/wp-content\/uploads\/2019\/07\/IMG_0152-768x576.jpg 768w\" sizes=\"auto, (max-width: 1024px) 100vw, 1024px\" \/><\/figure>\n\n\n\n<ul class=\"wp-block-list\"><li>  Die Halsblende wenden und b\u00fcgeln. <\/li><\/ul>\n\n\n\n<figure class=\"wp-block-image\"><img loading=\"lazy\" decoding=\"async\" width=\"1024\" height=\"768\" src=\"https:\/\/www.c-pauli.de\/blog\/wp-content\/uploads\/2019\/07\/IMG_0153-1024x768.jpg\" alt=\"\" class=\"wp-image-11664\"\/><\/figure>\n\n\n\n<ul class=\"wp-block-list\"><li>Den Beleg in der hinteren Mitte entlang des Rei\u00dfverschlusses festn\u00e4hen.<\/li><\/ul>\n\n\n\n<figure class=\"wp-block-image\"><img loading=\"lazy\" decoding=\"async\" width=\"1024\" height=\"768\" src=\"https:\/\/www.c-pauli.de\/blog\/wp-content\/uploads\/2019\/07\/IMG_0154-1024x768.jpg\" alt=\"\" class=\"wp-image-11665\" srcset=\"https:\/\/www.c-pauli.de\/blog\/wp-content\/uploads\/2019\/07\/IMG_0154-1024x768.jpg 1024w, https:\/\/www.c-pauli.de\/blog\/wp-content\/uploads\/2019\/07\/IMG_0154-300x225.jpg 300w, https:\/\/www.c-pauli.de\/blog\/wp-content\/uploads\/2019\/07\/IMG_0154-768x576.jpg 768w\" sizes=\"auto, (max-width: 1024px) 100vw, 1024px\" \/><\/figure>\n\n\n\n<ul class=\"wp-block-list\"><li>Die Nahtzugabe auf der Belegseite knapp absteppen.<\/li><\/ul>\n\n\n\n<figure class=\"wp-block-image\"><img loading=\"lazy\" decoding=\"async\" width=\"1024\" height=\"768\" src=\"https:\/\/www.c-pauli.de\/blog\/wp-content\/uploads\/2019\/07\/IMG_0155-1024x768.jpg\" alt=\"\" class=\"wp-image-11666\" srcset=\"https:\/\/www.c-pauli.de\/blog\/wp-content\/uploads\/2019\/07\/IMG_0155-1024x768.jpg 1024w, https:\/\/www.c-pauli.de\/blog\/wp-content\/uploads\/2019\/07\/IMG_0155-300x225.jpg 300w, https:\/\/www.c-pauli.de\/blog\/wp-content\/uploads\/2019\/07\/IMG_0155-768x576.jpg 768w\" sizes=\"auto, (max-width: 1024px) 100vw, 1024px\" \/><\/figure>\n\n\n\n<ul class=\"wp-block-list\"><li>Die Nahtzugabe der Belegkante nach innen umschlagen und von au\u00dfen die Blende rundum 2 mm breit absteppen, dadurch wird der Beleg innen mitgefasst. <\/li><\/ul>\n\n\n\n<figure class=\"wp-block-image\"><img loading=\"lazy\" decoding=\"async\" width=\"1024\" height=\"768\" src=\"https:\/\/www.c-pauli.de\/blog\/wp-content\/uploads\/2019\/07\/IMG_0157-1024x768.jpg\" alt=\"\" class=\"wp-image-11667\" srcset=\"https:\/\/www.c-pauli.de\/blog\/wp-content\/uploads\/2019\/07\/IMG_0157-1024x768.jpg 1024w, https:\/\/www.c-pauli.de\/blog\/wp-content\/uploads\/2019\/07\/IMG_0157-300x225.jpg 300w, https:\/\/www.c-pauli.de\/blog\/wp-content\/uploads\/2019\/07\/IMG_0157-768x576.jpg 768w\" sizes=\"auto, (max-width: 1024px) 100vw, 1024px\" \/><\/figure>\n\n\n\n<figure class=\"wp-block-image\"><img loading=\"lazy\" decoding=\"async\" width=\"1024\" height=\"768\" src=\"https:\/\/www.c-pauli.de\/blog\/wp-content\/uploads\/2019\/07\/IMG_0158-1024x768.jpg\" alt=\"\" class=\"wp-image-11668\" srcset=\"https:\/\/www.c-pauli.de\/blog\/wp-content\/uploads\/2019\/07\/IMG_0158-1024x768.jpg 1024w, https:\/\/www.c-pauli.de\/blog\/wp-content\/uploads\/2019\/07\/IMG_0158-300x225.jpg 300w, https:\/\/www.c-pauli.de\/blog\/wp-content\/uploads\/2019\/07\/IMG_0158-768x576.jpg 768w\" sizes=\"auto, (max-width: 1024px) 100vw, 1024px\" \/><\/figure>\n\n\n\n<ul class=\"wp-block-list\"><li>Das fertige Modell nochmal \u00fcberb\u00fcgeln.<\/li><\/ul>\n\n\n\n<p><strong>Fertig!<\/strong><\/p>\n\n\n\n<p><strong>Viel Spa\u00df beim N\u00e4hen w\u00fcnscht das Team von C. Pauli.<\/strong><\/p>\n","protected":false},"excerpt":{"rendered":"<p>Den Sommer geniessen&#8230; in unserem Sommerkleid Viola. Heute zeigen wir euch, wie ihr dieses sommerliche Kleid n\u00e4ht. Die passenden Stoffe findet ihr in unserem Shop. Lasst euch inspirieren und geniesst den Sommer!<\/p>\n","protected":false},"author":4,"featured_media":11644,"comment_status":"open","ping_status":"open","sticky":false,"template":"","format":"standard","meta":{"footnotes":""},"categories":[646,378,916,78,102],"tags":[106,221,608,661,21,160,159,75,182,108,180,113,97,959,773],"class_list":["post-11669","post","type-post","status-publish","format-standard","has-post-thumbnail","hentry","category-damen","category-mode","category-naehen","category-sommer","category-urlaub","tag-anleitung","tag-blumen","tag-damen","tag-damenmode","tag-diy","tag-diy-naehen","tag-dress","tag-kleid","tag-kleidung","tag-organic-cotton","tag-selfmade","tag-sommer","tag-tutorial","tag-viiola","tag-voile"],"aioseo_notices":[],"_links":{"self":[{"href":"https:\/\/www.c-pauli.de\/blog\/wp-json\/wp\/v2\/posts\/11669","targetHints":{"allow":["GET"]}}],"collection":[{"href":"https:\/\/www.c-pauli.de\/blog\/wp-json\/wp\/v2\/posts"}],"about":[{"href":"https:\/\/www.c-pauli.de\/blog\/wp-json\/wp\/v2\/types\/post"}],"author":[{"embeddable":true,"href":"https:\/\/www.c-pauli.de\/blog\/wp-json\/wp\/v2\/users\/4"}],"replies":[{"embeddable":true,"href":"https:\/\/www.c-pauli.de\/blog\/wp-json\/wp\/v2\/comments?post=11669"}],"version-history":[{"count":0,"href":"https:\/\/www.c-pauli.de\/blog\/wp-json\/wp\/v2\/posts\/11669\/revisions"}],"wp:featuredmedia":[{"embeddable":true,"href":"https:\/\/www.c-pauli.de\/blog\/wp-json\/wp\/v2\/media\/11644"}],"wp:attachment":[{"href":"https:\/\/www.c-pauli.de\/blog\/wp-json\/wp\/v2\/media?parent=11669"}],"wp:term":[{"taxonomy":"category","embeddable":true,"href":"https:\/\/www.c-pauli.de\/blog\/wp-json\/wp\/v2\/categories?post=11669"},{"taxonomy":"post_tag","embeddable":true,"href":"https:\/\/www.c-pauli.de\/blog\/wp-json\/wp\/v2\/tags?post=11669"}],"curies":[{"name":"wp","href":"https:\/\/api.w.org\/{rel}","templated":true}]}}