{"id":17,"date":"2015-12-02T15:28:42","date_gmt":"2015-12-02T14:28:42","guid":{"rendered":"http:\/\/xa5291.xa5.serverdomain.org\/?p=17"},"modified":"2017-10-02T08:17:23","modified_gmt":"2017-10-02T06:17:23","slug":"weihnachtliche-stofflichter","status":"publish","type":"post","link":"https:\/\/www.c-pauli.de\/blog\/weihnachtliche-stofflichter\/","title":{"rendered":"Weihnachtliche Stofflichter"},"content":{"rendered":"<p>Jetzt in der Adventszeit d\u00fcrfen Kerzen auf gar keinen Fall fehlen. Wenn es drau\u00dfen kalt und dunkel ist, gibt es doch nichts Sch\u00f6neres als es sich zuhause im Schein der Kerzen gem\u00fctlich zu machen. Ich zeige Euch hier, wie Ihr einfache Einweggl\u00e4ser mit Teelichtern darin weihnachtlich einpacken k\u00f6nnt. Ben\u00f6tigt Ihr noch ein ganz pers\u00f6nliches Geschenk? Dann sind diese bunten Stofflichter eine sch\u00f6ne Idee. Sie sind einfach gen\u00e4ht und machen aus jedem Teelicht ein besonderes Highlight.<\/p>\n\n\t\t<style type=\"text\/css\">\n\t\t\t#gallery-1 {\n\t\t\t\tmargin: auto;\n\t\t\t}\n\t\t\t#gallery-1 .gallery-item {\n\t\t\t\tfloat: left;\n\t\t\t\tmargin-top: 10px;\n\t\t\t\ttext-align: center;\n\t\t\t\twidth: 33%;\n\t\t\t}\n\t\t\t#gallery-1 img {\n\t\t\t\tborder: 2px solid #cfcfcf;\n\t\t\t}\n\t\t\t#gallery-1 .gallery-caption {\n\t\t\t\tmargin-left: 0;\n\t\t\t}\n\t\t\t\/* see gallery_shortcode() in wp-includes\/media.php *\/\n\t\t<\/style>\n\t\t<div id='gallery-1' class='gallery galleryid-17 gallery-columns-3 gallery-size-thumbnail'><dl class='gallery-item'>\n\t\t\t<dt class='gallery-icon portrait'>\n\t\t\t\t<a href='https:\/\/www.c-pauli.de\/blog\/wp-content\/uploads\/2015\/12\/Weihnachtliche_Stofflichter_2.jpg'><img loading=\"lazy\" decoding=\"async\" width=\"150\" height=\"150\" src=\"https:\/\/www.c-pauli.de\/blog\/wp-content\/uploads\/2015\/12\/Weihnachtliche_Stofflichter_2-150x150.jpg\" class=\"attachment-thumbnail size-thumbnail\" alt=\"\" \/><\/a>\n\t\t\t<\/dt><\/dl><dl class='gallery-item'>\n\t\t\t<dt class='gallery-icon portrait'>\n\t\t\t\t<a href='https:\/\/www.c-pauli.de\/blog\/wp-content\/uploads\/2015\/12\/Weihnachtliche_Stofflichter.jpg'><img loading=\"lazy\" decoding=\"async\" width=\"150\" height=\"150\" src=\"https:\/\/www.c-pauli.de\/blog\/wp-content\/uploads\/2015\/12\/Weihnachtliche_Stofflichter-150x150.jpg\" class=\"attachment-thumbnail size-thumbnail\" alt=\"\" \/><\/a>\n\t\t\t<\/dt><\/dl><dl class='gallery-item'>\n\t\t\t<dt class='gallery-icon portrait'>\n\t\t\t\t<a href='https:\/\/www.c-pauli.de\/blog\/wp-content\/uploads\/2015\/12\/Weihnachtliche_Stofflichter_8.jpg'><img loading=\"lazy\" decoding=\"async\" width=\"150\" height=\"150\" src=\"https:\/\/www.c-pauli.de\/blog\/wp-content\/uploads\/2015\/12\/Weihnachtliche_Stofflichter_8-150x150.jpg\" class=\"attachment-thumbnail size-thumbnail\" alt=\"\" \/><\/a>\n\t\t\t<\/dt><\/dl><br style=\"clear: both\" \/><dl class='gallery-item'>\n\t\t\t<dt class='gallery-icon portrait'>\n\t\t\t\t<a href='https:\/\/www.c-pauli.de\/blog\/wp-content\/uploads\/2015\/12\/Weihnachtliche_Stofflichter_7.jpg'><img loading=\"lazy\" decoding=\"async\" width=\"150\" height=\"150\" src=\"https:\/\/www.c-pauli.de\/blog\/wp-content\/uploads\/2015\/12\/Weihnachtliche_Stofflichter_7-150x150.jpg\" class=\"attachment-thumbnail size-thumbnail\" alt=\"\" \/><\/a>\n\t\t\t<\/dt><\/dl><dl class='gallery-item'>\n\t\t\t<dt class='gallery-icon portrait'>\n\t\t\t\t<a href='https:\/\/www.c-pauli.de\/blog\/wp-content\/uploads\/2015\/12\/Weihnachtliche_Stofflichter_6.jpg'><img loading=\"lazy\" decoding=\"async\" width=\"150\" height=\"150\" src=\"https:\/\/www.c-pauli.de\/blog\/wp-content\/uploads\/2015\/12\/Weihnachtliche_Stofflichter_6-150x150.jpg\" class=\"attachment-thumbnail size-thumbnail\" alt=\"\" \/><\/a>\n\t\t\t<\/dt><\/dl><dl class='gallery-item'>\n\t\t\t<dt class='gallery-icon portrait'>\n\t\t\t\t<a href='https:\/\/www.c-pauli.de\/blog\/wp-content\/uploads\/2015\/12\/Weihnachtliche_Stofflichter_5.jpg'><img loading=\"lazy\" decoding=\"async\" width=\"150\" height=\"150\" src=\"https:\/\/www.c-pauli.de\/blog\/wp-content\/uploads\/2015\/12\/Weihnachtliche_Stofflichter_5-150x150.jpg\" class=\"attachment-thumbnail size-thumbnail\" alt=\"\" \/><\/a>\n\t\t\t<\/dt><\/dl><br style=\"clear: both\" \/><dl class='gallery-item'>\n\t\t\t<dt class='gallery-icon portrait'>\n\t\t\t\t<a href='https:\/\/www.c-pauli.de\/blog\/wp-content\/uploads\/2015\/12\/Weihnachtliche_Stofflichter_4.jpg'><img loading=\"lazy\" decoding=\"async\" width=\"150\" height=\"150\" src=\"https:\/\/www.c-pauli.de\/blog\/wp-content\/uploads\/2015\/12\/Weihnachtliche_Stofflichter_4-150x150.jpg\" class=\"attachment-thumbnail size-thumbnail\" alt=\"\" \/><\/a>\n\t\t\t<\/dt><\/dl><dl class='gallery-item'>\n\t\t\t<dt class='gallery-icon landscape'>\n\t\t\t\t<a href='https:\/\/www.c-pauli.de\/blog\/wp-content\/uploads\/2015\/12\/Weihnachtliche_Stofflichter_1.jpg'><img loading=\"lazy\" decoding=\"async\" width=\"150\" height=\"150\" src=\"https:\/\/www.c-pauli.de\/blog\/wp-content\/uploads\/2015\/12\/Weihnachtliche_Stofflichter_1-150x150.jpg\" class=\"attachment-thumbnail size-thumbnail\" alt=\"\" \/><\/a>\n\t\t\t<\/dt><\/dl>\n\t\t\t<br style='clear: both' \/>\n\t\t<\/div>\n\n<p class=\"p1\"><!--more--><\/p>\n<p class=\"p1\"><strong>Material:<\/strong><\/p>\n<ul>\n<li class=\"p1\">Stoffe<\/li>\n<li class=\"p1\">Schr\u00e4gband<\/li>\n<li class=\"p1\">B\u00fcgelvlies (zum Verst\u00e4rken)<\/li>\n<li class=\"p1\">Einweckglas mit Teelicht<\/li>\n<\/ul>\n<p class=\"p1\"><strong>Werkzeug:<\/strong><\/p>\n<ul>\n<li class=\"p1\">N\u00e4hmaschine<\/li>\n<li class=\"p1\">Lineal und Stift<\/li>\n<li class=\"p1\">Stoffschere<\/li>\n<li class=\"p1\">Stecknadeln<\/li>\n<li class=\"p1\">Keksausstecher<\/li>\n<li class=\"p1\">Zirkel<\/li>\n<\/ul>\n<h4>Und so geht&#8217;s:<\/h4>\n<p><a href=\"http:\/\/xa5291.xa5.serverdomain.org\/wp-content\/uploads\/2015\/12\/Weihnachtliche_Stofflichter_Schritt_1.jpg\"><img loading=\"lazy\" decoding=\"async\" class=\"alignnone size-full wp-image-12\" src=\"http:\/\/xa5291.xa5.serverdomain.org\/wp-content\/uploads\/2015\/12\/Weihnachtliche_Stofflichter_Schritt_1.jpg\" alt=\"Weihnachtliche Stofflichter Schritt 1\" width=\"1000\" height=\"667\" srcset=\"https:\/\/www.c-pauli.de\/blog\/wp-content\/uploads\/2015\/12\/Weihnachtliche_Stofflichter_Schritt_1.jpg 1000w, https:\/\/www.c-pauli.de\/blog\/wp-content\/uploads\/2015\/12\/Weihnachtliche_Stofflichter_Schritt_1-300x200.jpg 300w\" sizes=\"auto, (max-width: 1000px) 100vw, 1000px\" \/><\/a><\/p>\n<p class=\"p1\"><strong>Schritt 1:<\/strong> Zuerst schneidet Ihr Euch in den gew\u00fcnschten Ma\u00dfen jeweils ein Rechteck und einen\u00a0Kreis f\u00fcr den Boden zu. In der selben Gr\u00f6\u00dfe bereitet Ihr Euch die passenden Vliesst\u00fccke vor.\u00a0Anschlie\u00dfend b\u00fcgelt Ihr das Vlies jeweils auf die linke Seite Eurer Stoffst\u00fccke und verst\u00e4rkt sie\u00a0somit.<\/p>\n<p class=\"p1\"><a href=\"http:\/\/xa5291.xa5.serverdomain.org\/wp-content\/uploads\/2015\/12\/Weihnachtliche_Stofflichter_Schritt_2.jpg\"><img loading=\"lazy\" decoding=\"async\" class=\"alignnone size-full wp-image-13\" src=\"http:\/\/xa5291.xa5.serverdomain.org\/wp-content\/uploads\/2015\/12\/Weihnachtliche_Stofflichter_Schritt_2.jpg\" alt=\"Weihnachtliche Stofflichter Schritt 2\" width=\"1200\" height=\"1200\" srcset=\"https:\/\/www.c-pauli.de\/blog\/wp-content\/uploads\/2015\/12\/Weihnachtliche_Stofflichter_Schritt_2.jpg 1200w, https:\/\/www.c-pauli.de\/blog\/wp-content\/uploads\/2015\/12\/Weihnachtliche_Stofflichter_Schritt_2-150x150.jpg 150w, https:\/\/www.c-pauli.de\/blog\/wp-content\/uploads\/2015\/12\/Weihnachtliche_Stofflichter_Schritt_2-300x300.jpg 300w, https:\/\/www.c-pauli.de\/blog\/wp-content\/uploads\/2015\/12\/Weihnachtliche_Stofflichter_Schritt_2-1024x1024.jpg 1024w\" sizes=\"auto, (max-width: 1200px) 100vw, 1200px\" \/><\/a><\/p>\n<p class=\"p1\"><strong>Schritt 2:<\/strong> Mit Hilfe der Keksausstecher zeichnet Ihr Euch in der Mitte des Stoffrechtecks das\u00a0gew\u00fcnschte Motiv an und schneidet es mit der Stoffschere aus.\u00a0Anschlie\u00dfend steppt Ihr mit der N\u00e4hmaschine den Rand Ausschnitts ab.<\/p>\n<p class=\"p1\"><a href=\"http:\/\/xa5291.xa5.serverdomain.org\/wp-content\/uploads\/2015\/12\/Weihnachtliche_Stofflichter_Schritt_3.jpg\"><img loading=\"lazy\" decoding=\"async\" class=\"alignnone size-full wp-image-14\" src=\"http:\/\/xa5291.xa5.serverdomain.org\/wp-content\/uploads\/2015\/12\/Weihnachtliche_Stofflichter_Schritt_3.jpg\" alt=\"Weihnachtliche Stofflichter Schritt 3\" width=\"1200\" height=\"1200\" srcset=\"https:\/\/www.c-pauli.de\/blog\/wp-content\/uploads\/2015\/12\/Weihnachtliche_Stofflichter_Schritt_3.jpg 1200w, https:\/\/www.c-pauli.de\/blog\/wp-content\/uploads\/2015\/12\/Weihnachtliche_Stofflichter_Schritt_3-150x150.jpg 150w, https:\/\/www.c-pauli.de\/blog\/wp-content\/uploads\/2015\/12\/Weihnachtliche_Stofflichter_Schritt_3-300x300.jpg 300w, https:\/\/www.c-pauli.de\/blog\/wp-content\/uploads\/2015\/12\/Weihnachtliche_Stofflichter_Schritt_3-1024x1024.jpg 1024w\" sizes=\"auto, (max-width: 1200px) 100vw, 1200px\" \/><\/a><\/p>\n<p class=\"p1\"><strong>Schritt 3:<\/strong> Auf Rechts (gute Seiten aufeinander gelegt) liegend verbindet Ihr nun den Stoffkreis\u00a0(Boden) mit dem Stoffrechteck. Dazu wird der untere Rand des Stoffrechtecks mit den Nadeln am\u00a0Rand des Kreises abgesteckt. Das Abgesteckte n\u00e4ht Ihr dann mit der N\u00e4hmaschine per Geradstich\u00a0zusammen. Dann k\u00f6nnt Ihr die Seitenteile ebenfalls schlie\u00dfen und \u00dcberstehendes abschneiden.\u00a0Zum Schluss wendet Ihr den Stoffsack.<\/p>\n<p class=\"p1\"><a href=\"http:\/\/xa5291.xa5.serverdomain.org\/wp-content\/uploads\/2015\/12\/Weihnachtliche_Stofflichter_Schritt_4.jpg\"><img loading=\"lazy\" decoding=\"async\" class=\"alignnone size-full wp-image-15\" src=\"http:\/\/xa5291.xa5.serverdomain.org\/wp-content\/uploads\/2015\/12\/Weihnachtliche_Stofflichter_Schritt_4.jpg\" alt=\"Weihnachtliche Stofflichter Schritt 4\" width=\"1000\" height=\"667\" srcset=\"https:\/\/www.c-pauli.de\/blog\/wp-content\/uploads\/2015\/12\/Weihnachtliche_Stofflichter_Schritt_4.jpg 1000w, https:\/\/www.c-pauli.de\/blog\/wp-content\/uploads\/2015\/12\/Weihnachtliche_Stofflichter_Schritt_4-300x200.jpg 300w\" sizes=\"auto, (max-width: 1000px) 100vw, 1000px\" \/><\/a><\/p>\n<p class=\"p1\"><strong>Schritt 4:<\/strong> Jetzt legt Ihr das Schr\u00e4gband mittig auf dem oberen Rand, klappt es um, fixiert es mit ein\u00a0paar Stecknadeln und n\u00e4ht das Ganze mit dem Geradstich am Stofflicht fest. Fertig!<\/p>\n<p class=\"p1\">Ich w\u00fcnsche Euch eine sch\u00f6ne Adventszeit und viel Spa\u00df beim Nachn\u00e4hen!<br \/>\nEure Christin<\/p>\n","protected":false},"excerpt":{"rendered":"<p>Jetzt in der Adventszeit d\u00fcrfen Kerzen auf gar keinen Fall fehlen. Wenn es drau\u00dfen kalt und dunkel ist, gibt es doch nichts Sch\u00f6neres als es sich zuhause im Schein der Kerzen gem\u00fctlich zu machen. Ich zeige Euch hier, wie Ihr&hellip; <\/p>\n","protected":false},"author":4,"featured_media":0,"comment_status":"open","ping_status":"open","sticky":false,"template":"","format":"standard","meta":{"footnotes":""},"categories":[1,375,374,384],"tags":[423,106,289,114,245,158,98,142,39,21,160,100,321,327,385,421,96,180,422,63,97,420,404,419],"class_list":["post-17","post","type-post","status-publish","format-standard","hentry","category-allgemein","category-dekoration","category-weihnachten","category-wohnen","tag-adventszeit","tag-anleitung","tag-bio-stoffe","tag-blog","tag-blogger","tag-c-pauli","tag-c-pauli-blog","tag-decoration","tag-deko","tag-diy","tag-diy-naehen","tag-freebook","tag-home","tag-jahreszeit","tag-licht","tag-lichter","tag-selber-naehen","tag-selfmade","tag-teelicht","tag-teenies","tag-tutorial","tag-weihnachten","tag-winter","tag-winterzeit"],"aioseo_notices":[],"_links":{"self":[{"href":"https:\/\/www.c-pauli.de\/blog\/wp-json\/wp\/v2\/posts\/17","targetHints":{"allow":["GET"]}}],"collection":[{"href":"https:\/\/www.c-pauli.de\/blog\/wp-json\/wp\/v2\/posts"}],"about":[{"href":"https:\/\/www.c-pauli.de\/blog\/wp-json\/wp\/v2\/types\/post"}],"author":[{"embeddable":true,"href":"https:\/\/www.c-pauli.de\/blog\/wp-json\/wp\/v2\/users\/4"}],"replies":[{"embeddable":true,"href":"https:\/\/www.c-pauli.de\/blog\/wp-json\/wp\/v2\/comments?post=17"}],"version-history":[{"count":0,"href":"https:\/\/www.c-pauli.de\/blog\/wp-json\/wp\/v2\/posts\/17\/revisions"}],"wp:attachment":[{"href":"https:\/\/www.c-pauli.de\/blog\/wp-json\/wp\/v2\/media?parent=17"}],"wp:term":[{"taxonomy":"category","embeddable":true,"href":"https:\/\/www.c-pauli.de\/blog\/wp-json\/wp\/v2\/categories?post=17"},{"taxonomy":"post_tag","embeddable":true,"href":"https:\/\/www.c-pauli.de\/blog\/wp-json\/wp\/v2\/tags?post=17"}],"curies":[{"name":"wp","href":"https:\/\/api.w.org\/{rel}","templated":true}]}}